{"id":2530,"date":"2018-10-23T12:40:53","date_gmt":"2018-10-23T12:40:53","guid":{"rendered":"https:\/\/milada.com\/montreal\/?p=2530"},"modified":"2018-11-08T19:28:57","modified_gmt":"2018-11-08T19:28:57","slug":"hyper-pigmentation-facial","status":"publish","type":"post","link":"https:\/\/milada.com\/montreal\/hyper-pigmentation-facial\/","title":{"rendered":"Hyper Pigmentation Facial"},"content":{"rendered":"<p>[vc_row css_animation=&#8221;&#8221; row_type=&#8221;row&#8221; use_row_as_full_screen_section=&#8221;no&#8221; type=&#8221;full_width&#8221; angled_section=&#8221;no&#8221; text_align=&#8221;left&#8221; background_image_as_pattern=&#8221;without_pattern&#8221;][vc_column][vc_column_text]<\/p>\n<h3>What is Hyperpigmentation?<\/h3>\n<p><strong>Hyperpigmentation<\/strong>\u00a0is a common, usually harmless condition in which patches of skin become darker in color than the normal surrounding skin. This darkening occurs when an excess of melanin, the brown pigment that produces normal skin color, forms deposits in the skin.<\/p>\n<h3>What is the cause of hyperpigmentation?<\/h3>\n<p>Hyperpigmentation can be caused by sun damage,\u00a0<strong>inflammation<\/strong>, or other\u00a0<strong>skin injuries<\/strong>, including those related to\u00a0<strong>acne vulgaris<\/strong>. People with darker skin tones are more prone to hyperpigmentation, especially with excess sun exposure. Many forms of hyperpigmentation are caused by an excess production of melanin.<\/p>\n<h3>How can I prevent my hyperpigmentation?<\/h3>\n<p>Individuals who are prone to dark spots on their skin should address issues as soon as they arise. Acne should be immediately treated with acne medication, and insect repellent should be used to\u00a0<strong>prevent<\/strong>\u00a0insect bites. Use sunscreen lotion if needed, but make it a priority to say out of the sun as much as possible.<\/p>\n<h3>What to do to remove my hyperpigmentation?<\/h3>\n<ul class=\"checkmarks\">\n<li><strong>Microdermabrasion<\/strong>\u00a0skin will appear softer, smoother, brighter, clearer, fresher and younger looking.<\/li>\n<li><strong>Chemical peels<\/strong>\u00a0are great for treating fine lines, wrinkles, pigmentation issues, active acne, acne scarring, and improving the overall look and texture of your skin.<\/li>\n<\/ul>\n<h3>How many treatments will I need?<\/h3>\n<p>A difference can be observed after the very first treatment. However, depending on the issue you want to target, and how advanced it is, your technician will be able to recommend exactly how many treatments are recommended for YOUR skin.[\/vc_column_text][vc_column_text]<\/p>\n<h3>How can I book my appointment?<\/h3>\n<p>We have 3 locations available to you in Montreal (Mont-Royal), Nuns Island and St-Maarten (Caribbean). You can take your appointment via our website or call us directly.<\/p>\n<p>We offer free consultation or we can start your treatments on your first visit following the evaluation. We will determine the perfect facial for you taking in consideration your budget, expectations and your skin&#8217;s needs.<\/p>\n<h3>To contact us:<\/h3>\n<p>Montreal <a href=\"tel:5147258275\">514-725-8275<\/a><br \/>\nNuns Island <a href=\"tel:5147258275\">514-943-4879<\/a><br \/>\nSt-Maarten (Caribbean) <a href=\"tel:17215880008\">+1 721-588-0008<\/a>[\/vc_column_text][\/vc_column][\/vc_row]<\/p>\n","protected":false},"excerpt":{"rendered":"<p>Hyperpigmentation\u00a0is a common, usually harmless condition in which patches of skin become darker in color than the normal surrounding skin. This darkening occurs when an excess of melanin, the brown pigment that produces normal skin color, forms deposits in the skin.<\/p>\n","protected":false},"author":1,"featured_media":2531,"comment_status":"open","ping_status":"open","sticky":false,"template":"","format":"standard","meta":{"footnotes":""},"categories":[2],"tags":[],"yoast_head":"<!-- This site is optimized with the Yoast SEO plugin v20.13 - https:\/\/yoast.com\/wordpress\/plugins\/seo\/ -->\n<title>Hyperpigmentation Facial Montreal Medispa Milada Plateau Mont Royal<\/title>\n<meta name=\"description\" content=\"Milada utilise la microdermabrasion facial pour traiter l\u2019hyperpigmentation, la rosac\u00e9e et la t\u00e9langiectasie \u00e0 sa clinique de chirurgie esth\u00e9tique de Montr\u00e9al.\" \/>\n<meta name=\"robots\" content=\"index, follow, max-snippet:-1, max-image-preview:large, max-video-preview:-1\" \/>\n<link rel=\"canonical\" href=\"https:\/\/milada.com\/montreal\/hyper-pigmentation-facial\/\" \/>\n<meta property=\"og:locale\" content=\"en_US\" \/>\n<meta property=\"og:type\" content=\"article\" \/>\n<meta property=\"og:title\" content=\"Hyperpigmentation Facial Montreal Medispa Milada Plateau Mont Royal\" \/>\n<meta property=\"og:description\" content=\"Milada utilise la microdermabrasion facial pour traiter l\u2019hyperpigmentation, la rosac\u00e9e et la t\u00e9langiectasie \u00e0 sa clinique de chirurgie esth\u00e9tique de Montr\u00e9al.\" \/>\n<meta property=\"og:url\" content=\"https:\/\/milada.com\/montreal\/hyper-pigmentation-facial\/\" \/>\n<meta property=\"og:site_name\" content=\"Milada Montreal\" \/>\n<meta property=\"article:published_time\" content=\"2018-10-23T12:40:53+00:00\" \/>\n<meta property=\"article:modified_time\" content=\"2018-11-08T19:28:57+00:00\" \/>\n<meta property=\"og:image\" content=\"https:\/\/milada.com\/montreal\/wp-content\/uploads\/sites\/2\/2018\/10\/Hyper-Pigmentation-Facial.jpg\" \/>\n\t<meta property=\"og:image:width\" content=\"1200\" \/>\n\t<meta property=\"og:image:height\" content=\"800\" \/>\n\t<meta property=\"og:image:type\" content=\"image\/jpeg\" \/>\n<meta name=\"author\" content=\"milada\" \/>\n<meta name=\"twitter:card\" content=\"summary_large_image\" \/>\n<meta name=\"twitter:label1\" content=\"Written by\" \/>\n\t<meta name=\"twitter:data1\" content=\"milada\" \/>\n\t<meta name=\"twitter:label2\" content=\"Est. reading time\" \/>\n\t<meta name=\"twitter:data2\" content=\"2 minutes\" \/>\n<script type=\"application\/ld+json\" class=\"yoast-schema-graph\">{\"@context\":\"https:\/\/schema.org\",\"@graph\":[{\"@type\":\"WebPage\",\"@id\":\"https:\/\/milada.com\/montreal\/hyper-pigmentation-facial\/\",\"url\":\"https:\/\/milada.com\/montreal\/hyper-pigmentation-facial\/\",\"name\":\"Hyperpigmentation Facial Montreal Medispa Milada Plateau Mont Royal\",\"isPartOf\":{\"@id\":\"https:\/\/milada.com\/montreal\/#website\"},\"datePublished\":\"2018-10-23T12:40:53+00:00\",\"dateModified\":\"2018-11-08T19:28:57+00:00\",\"author\":{\"@id\":\"https:\/\/milada.com\/montreal\/#\/schema\/person\/218d0d30c21033d60182d3a3e001073d\"},\"description\":\"Milada utilise la microdermabrasion facial pour traiter l\u2019hyperpigmentation, la rosac\u00e9e et la t\u00e9langiectasie \u00e0 sa clinique de chirurgie esth\u00e9tique de Montr\u00e9al.\",\"breadcrumb\":{\"@id\":\"https:\/\/milada.com\/montreal\/hyper-pigmentation-facial\/#breadcrumb\"},\"inLanguage\":\"en-US\",\"potentialAction\":[{\"@type\":\"ReadAction\",\"target\":[\"https:\/\/milada.com\/montreal\/hyper-pigmentation-facial\/\"]}]},{\"@type\":\"BreadcrumbList\",\"@id\":\"https:\/\/milada.com\/montreal\/hyper-pigmentation-facial\/#breadcrumb\",\"itemListElement\":[{\"@type\":\"ListItem\",\"position\":1,\"name\":\"Home\",\"item\":\"https:\/\/milada.com\/montreal\/\"},{\"@type\":\"ListItem\",\"position\":2,\"name\":\"Hyper Pigmentation Facial\"}]},{\"@type\":\"WebSite\",\"@id\":\"https:\/\/milada.com\/montreal\/#website\",\"url\":\"https:\/\/milada.com\/montreal\/\",\"name\":\"Milada Montreal\",\"description\":\"Just another Milada Sites site\",\"potentialAction\":[{\"@type\":\"SearchAction\",\"target\":{\"@type\":\"EntryPoint\",\"urlTemplate\":\"https:\/\/milada.com\/montreal\/?s={search_term_string}\"},\"query-input\":\"required name=search_term_string\"}],\"inLanguage\":\"en-US\"},{\"@type\":\"Person\",\"@id\":\"https:\/\/milada.com\/montreal\/#\/schema\/person\/218d0d30c21033d60182d3a3e001073d\",\"name\":\"milada\",\"image\":{\"@type\":\"ImageObject\",\"inLanguage\":\"en-US\",\"@id\":\"https:\/\/milada.com\/montreal\/#\/schema\/person\/image\/\",\"url\":\"https:\/\/secure.gravatar.com\/avatar\/fae7a162daca5732cfd811941d8ade3b?s=96&d=mm&r=g\",\"contentUrl\":\"https:\/\/secure.gravatar.com\/avatar\/fae7a162daca5732cfd811941d8ade3b?s=96&d=mm&r=g\",\"caption\":\"milada\"}}]}<\/script>\n<!-- \/ Yoast SEO plugin. -->","yoast_head_json":{"title":"Hyperpigmentation Facial Montreal Medispa Milada Plateau Mont Royal","description":"Milada utilise la microdermabrasion facial pour traiter l\u2019hyperpigmentation, la rosac\u00e9e et la t\u00e9langiectasie \u00e0 sa clinique de chirurgie esth\u00e9tique de Montr\u00e9al.","robots":{"index":"index","follow":"follow","max-snippet":"max-snippet:-1","max-image-preview":"max-image-preview:large","max-video-preview":"max-video-preview:-1"},"canonical":"https:\/\/milada.com\/montreal\/hyper-pigmentation-facial\/","og_locale":"en_US","og_type":"article","og_title":"Hyperpigmentation Facial Montreal Medispa Milada Plateau Mont Royal","og_description":"Milada utilise la microdermabrasion facial pour traiter l\u2019hyperpigmentation, la rosac\u00e9e et la t\u00e9langiectasie \u00e0 sa clinique de chirurgie esth\u00e9tique de Montr\u00e9al.","og_url":"https:\/\/milada.com\/montreal\/hyper-pigmentation-facial\/","og_site_name":"Milada Montreal","article_published_time":"2018-10-23T12:40:53+00:00","article_modified_time":"2018-11-08T19:28:57+00:00","og_image":[{"width":1200,"height":800,"url":"https:\/\/milada.com\/montreal\/wp-content\/uploads\/sites\/2\/2018\/10\/Hyper-Pigmentation-Facial.jpg","type":"image\/jpeg"}],"author":"milada","twitter_card":"summary_large_image","twitter_misc":{"Written by":"milada","Est. reading time":"2 minutes"},"schema":{"@context":"https:\/\/schema.org","@graph":[{"@type":"WebPage","@id":"https:\/\/milada.com\/montreal\/hyper-pigmentation-facial\/","url":"https:\/\/milada.com\/montreal\/hyper-pigmentation-facial\/","name":"Hyperpigmentation Facial Montreal Medispa Milada Plateau Mont Royal","isPartOf":{"@id":"https:\/\/milada.com\/montreal\/#website"},"datePublished":"2018-10-23T12:40:53+00:00","dateModified":"2018-11-08T19:28:57+00:00","author":{"@id":"https:\/\/milada.com\/montreal\/#\/schema\/person\/218d0d30c21033d60182d3a3e001073d"},"description":"Milada utilise la microdermabrasion facial pour traiter l\u2019hyperpigmentation, la rosac\u00e9e et la t\u00e9langiectasie \u00e0 sa clinique de chirurgie esth\u00e9tique de Montr\u00e9al.","breadcrumb":{"@id":"https:\/\/milada.com\/montreal\/hyper-pigmentation-facial\/#breadcrumb"},"inLanguage":"en-US","potentialAction":[{"@type":"ReadAction","target":["https:\/\/milada.com\/montreal\/hyper-pigmentation-facial\/"]}]},{"@type":"BreadcrumbList","@id":"https:\/\/milada.com\/montreal\/hyper-pigmentation-facial\/#breadcrumb","itemListElement":[{"@type":"ListItem","position":1,"name":"Home","item":"https:\/\/milada.com\/montreal\/"},{"@type":"ListItem","position":2,"name":"Hyper Pigmentation Facial"}]},{"@type":"WebSite","@id":"https:\/\/milada.com\/montreal\/#website","url":"https:\/\/milada.com\/montreal\/","name":"Milada Montreal","description":"Just another Milada Sites site","potentialAction":[{"@type":"SearchAction","target":{"@type":"EntryPoint","urlTemplate":"https:\/\/milada.com\/montreal\/?s={search_term_string}"},"query-input":"required name=search_term_string"}],"inLanguage":"en-US"},{"@type":"Person","@id":"https:\/\/milada.com\/montreal\/#\/schema\/person\/218d0d30c21033d60182d3a3e001073d","name":"milada","image":{"@type":"ImageObject","inLanguage":"en-US","@id":"https:\/\/milada.com\/montreal\/#\/schema\/person\/image\/","url":"https:\/\/secure.gravatar.com\/avatar\/fae7a162daca5732cfd811941d8ade3b?s=96&d=mm&r=g","contentUrl":"https:\/\/secure.gravatar.com\/avatar\/fae7a162daca5732cfd811941d8ade3b?s=96&d=mm&r=g","caption":"milada"}}]}},"_links":{"self":[{"href":"https:\/\/milada.com\/montreal\/wp-json\/wp\/v2\/posts\/2530"}],"collection":[{"href":"https:\/\/milada.com\/montreal\/wp-json\/wp\/v2\/posts"}],"about":[{"href":"https:\/\/milada.com\/montreal\/wp-json\/wp\/v2\/types\/post"}],"author":[{"embeddable":true,"href":"https:\/\/milada.com\/montreal\/wp-json\/wp\/v2\/users\/1"}],"replies":[{"embeddable":true,"href":"https:\/\/milada.com\/montreal\/wp-json\/wp\/v2\/comments?post=2530"}],"version-history":[{"count":0,"href":"https:\/\/milada.com\/montreal\/wp-json\/wp\/v2\/posts\/2530\/revisions"}],"wp:featuredmedia":[{"embeddable":true,"href":"https:\/\/milada.com\/montreal\/wp-json\/wp\/v2\/media\/2531"}],"wp:attachment":[{"href":"https:\/\/milada.com\/montreal\/wp-json\/wp\/v2\/media?parent=2530"}],"wp:term":[{"taxonomy":"category","embeddable":true,"href":"https:\/\/milada.com\/montreal\/wp-json\/wp\/v2\/categories?post=2530"},{"taxonomy":"post_tag","embeddable":true,"href":"https:\/\/milada.com\/montreal\/wp-json\/wp\/v2\/tags?post=2530"}],"curies":[{"name":"wp","href":"https:\/\/api.w.org\/{rel}","templated":true}]}}