{"id":4613,"date":"2026-04-09T09:00:00","date_gmt":"2026-04-09T14:00:00","guid":{"rendered":"https:\/\/milada.com\/montreal\/?p=4613"},"modified":"2026-03-27T12:33:44","modified_gmt":"2026-03-27T17:33:44","slug":"traitements-laser-a-montreal-ameliorer-texture-et-eclat-de-la-peau","status":"publish","type":"post","link":"https:\/\/milada.com\/montreal\/fr\/traitements-laser-a-montreal-ameliorer-texture-et-eclat-de-la-peau\/","title":{"rendered":"Traitements laser \u00e0 Montr\u00e9al : am\u00e9liorer texture et \u00e9clat de la peau"},"content":{"rendered":"<p>Les traitements laser sont tr\u00e8s efficaces pour am\u00e9liorer la qualit\u00e9 de la peau.<\/p>\n<p>\u00c0 Montr\u00e9al, ils permettent de corriger :<\/p>\n<ul>\n<li>Les taches<\/li>\n<li>Le teint irr\u00e9gulier<\/li>\n<li>Les ridules<\/li>\n<li>La texture<\/li>\n<\/ul>\n<p>Ils stimulent la r\u00e9g\u00e9n\u00e9ration et la production de collag\u00e8ne.<\/p>\n<p>Le printemps est une p\u00e9riode id\u00e9ale pour d\u00e9buter.<\/p>\n<p>Prenez rendez-vous chez Milada \u00e0 Montr\u00e9al pour am\u00e9liorer votre peau avec des traitements laser.<\/p>\n","protected":false},"excerpt":{"rendered":"<p>D\u00e9couvrez les traitements laser \u00e0 Montr\u00e9al pour corriger le teint et am\u00e9liorer la qualit\u00e9 de la peau.<\/p>\n","protected":false},"author":1,"featured_media":4660,"comment_status":"closed","ping_status":"closed","sticky":false,"template":"","format":"standard","meta":{"footnotes":""},"categories":[92],"tags":[],"yoast_head":"<!-- This site is optimized with the Yoast SEO plugin v20.13 - https:\/\/yoast.com\/wordpress\/plugins\/seo\/ -->\n<title>Traitements laser \u00e0 Montr\u00e9al : am\u00e9liorer texture et \u00e9clat de la peau<\/title>\n<meta name=\"description\" content=\"D\u00e9couvrez les traitements laser \u00e0 Montr\u00e9al pour corriger le teint et am\u00e9liorer la qualit\u00e9 de la peau.\" \/>\n<meta name=\"robots\" content=\"index, follow, max-snippet:-1, max-image-preview:large, max-video-preview:-1\" \/>\n<link rel=\"canonical\" href=\"https:\/\/milada.com\/montreal\/?p=4612\" \/>\n<meta property=\"og:locale\" content=\"fr_FR\" \/>\n<meta property=\"og:type\" content=\"article\" \/>\n<meta property=\"og:title\" content=\"Traitements laser \u00e0 Montr\u00e9al : am\u00e9liorer texture et \u00e9clat de la peau\" \/>\n<meta property=\"og:description\" content=\"D\u00e9couvrez les traitements laser \u00e0 Montr\u00e9al pour corriger le teint et am\u00e9liorer la qualit\u00e9 de la peau.\" \/>\n<meta property=\"og:url\" content=\"https:\/\/milada.com\/montreal\/?p=4612\" \/>\n<meta property=\"og:site_name\" content=\"Milada Montreal\" \/>\n<meta property=\"article:published_time\" content=\"2026-04-09T14:00:00+00:00\" \/>\n<meta property=\"article:modified_time\" content=\"2026-03-27T17:33:44+00:00\" \/>\n<meta property=\"og:image\" content=\"https:\/\/milada.com\/montreal\/wp-content\/uploads\/sites\/2\/2026\/04\/BLOG-7.jpg\" \/>\n\t<meta property=\"og:image:width\" content=\"1600\" \/>\n\t<meta property=\"og:image:height\" content=\"1165\" \/>\n\t<meta property=\"og:image:type\" content=\"image\/jpeg\" \/>\n<meta name=\"author\" content=\"milada\" \/>\n<meta name=\"twitter:card\" content=\"summary_large_image\" \/>\n<meta name=\"twitter:label1\" content=\"\u00c9crit par\" \/>\n\t<meta name=\"twitter:data1\" content=\"milada\" \/>\n<script type=\"application\/ld+json\" class=\"yoast-schema-graph\">{\"@context\":\"https:\/\/schema.org\",\"@graph\":[{\"@type\":\"WebPage\",\"@id\":\"https:\/\/milada.com\/montreal\/?p=4612\",\"url\":\"https:\/\/milada.com\/montreal\/?p=4612\",\"name\":\"Traitements laser \u00e0 Montr\u00e9al : am\u00e9liorer texture et \u00e9clat de la peau\",\"isPartOf\":{\"@id\":\"https:\/\/milada.com\/montreal\/#website\"},\"datePublished\":\"2026-04-09T14:00:00+00:00\",\"dateModified\":\"2026-03-27T17:33:44+00:00\",\"author\":{\"@id\":\"https:\/\/milada.com\/montreal\/#\/schema\/person\/218d0d30c21033d60182d3a3e001073d\"},\"description\":\"D\u00e9couvrez les traitements laser \u00e0 Montr\u00e9al pour corriger le teint et am\u00e9liorer la qualit\u00e9 de la peau.\",\"breadcrumb\":{\"@id\":\"https:\/\/milada.com\/montreal\/?p=4612#breadcrumb\"},\"inLanguage\":\"fr-FR\",\"potentialAction\":[{\"@type\":\"ReadAction\",\"target\":[\"https:\/\/milada.com\/montreal\/?p=4612\"]}]},{\"@type\":\"BreadcrumbList\",\"@id\":\"https:\/\/milada.com\/montreal\/?p=4612#breadcrumb\",\"itemListElement\":[{\"@type\":\"ListItem\",\"position\":1,\"name\":\"Home\",\"item\":\"https:\/\/milada.com\/montreal\/fr\/\"},{\"@type\":\"ListItem\",\"position\":2,\"name\":\"Traitements laser \u00e0 Montr\u00e9al : am\u00e9liorer texture et \u00e9clat de la peau\"}]},{\"@type\":\"WebSite\",\"@id\":\"https:\/\/milada.com\/montreal\/#website\",\"url\":\"https:\/\/milada.com\/montreal\/\",\"name\":\"Milada Montreal\",\"description\":\"Just another Milada Sites site\",\"potentialAction\":[{\"@type\":\"SearchAction\",\"target\":{\"@type\":\"EntryPoint\",\"urlTemplate\":\"https:\/\/milada.com\/montreal\/?s={search_term_string}\"},\"query-input\":\"required name=search_term_string\"}],\"inLanguage\":\"fr-FR\"},{\"@type\":\"Person\",\"@id\":\"https:\/\/milada.com\/montreal\/#\/schema\/person\/218d0d30c21033d60182d3a3e001073d\",\"name\":\"milada\",\"image\":{\"@type\":\"ImageObject\",\"inLanguage\":\"fr-FR\",\"@id\":\"https:\/\/milada.com\/montreal\/#\/schema\/person\/image\/\",\"url\":\"https:\/\/secure.gravatar.com\/avatar\/fae7a162daca5732cfd811941d8ade3b?s=96&d=mm&r=g\",\"contentUrl\":\"https:\/\/secure.gravatar.com\/avatar\/fae7a162daca5732cfd811941d8ade3b?s=96&d=mm&r=g\",\"caption\":\"milada\"}}]}<\/script>\n<!-- \/ Yoast SEO plugin. -->","yoast_head_json":{"title":"Traitements laser \u00e0 Montr\u00e9al : am\u00e9liorer texture et \u00e9clat de la peau","description":"D\u00e9couvrez les traitements laser \u00e0 Montr\u00e9al pour corriger le teint et am\u00e9liorer la qualit\u00e9 de la peau.","robots":{"index":"index","follow":"follow","max-snippet":"max-snippet:-1","max-image-preview":"max-image-preview:large","max-video-preview":"max-video-preview:-1"},"canonical":"https:\/\/milada.com\/montreal\/?p=4612","og_locale":"fr_FR","og_type":"article","og_title":"Traitements laser \u00e0 Montr\u00e9al : am\u00e9liorer texture et \u00e9clat de la peau","og_description":"D\u00e9couvrez les traitements laser \u00e0 Montr\u00e9al pour corriger le teint et am\u00e9liorer la qualit\u00e9 de la peau.","og_url":"https:\/\/milada.com\/montreal\/?p=4612","og_site_name":"Milada Montreal","article_published_time":"2026-04-09T14:00:00+00:00","article_modified_time":"2026-03-27T17:33:44+00:00","og_image":[{"width":1600,"height":1165,"url":"https:\/\/milada.com\/montreal\/wp-content\/uploads\/sites\/2\/2026\/04\/BLOG-7.jpg","type":"image\/jpeg"}],"author":"milada","twitter_card":"summary_large_image","twitter_misc":{"\u00c9crit par":"milada"},"schema":{"@context":"https:\/\/schema.org","@graph":[{"@type":"WebPage","@id":"https:\/\/milada.com\/montreal\/?p=4612","url":"https:\/\/milada.com\/montreal\/?p=4612","name":"Traitements laser \u00e0 Montr\u00e9al : am\u00e9liorer texture et \u00e9clat de la peau","isPartOf":{"@id":"https:\/\/milada.com\/montreal\/#website"},"datePublished":"2026-04-09T14:00:00+00:00","dateModified":"2026-03-27T17:33:44+00:00","author":{"@id":"https:\/\/milada.com\/montreal\/#\/schema\/person\/218d0d30c21033d60182d3a3e001073d"},"description":"D\u00e9couvrez les traitements laser \u00e0 Montr\u00e9al pour corriger le teint et am\u00e9liorer la qualit\u00e9 de la peau.","breadcrumb":{"@id":"https:\/\/milada.com\/montreal\/?p=4612#breadcrumb"},"inLanguage":"fr-FR","potentialAction":[{"@type":"ReadAction","target":["https:\/\/milada.com\/montreal\/?p=4612"]}]},{"@type":"BreadcrumbList","@id":"https:\/\/milada.com\/montreal\/?p=4612#breadcrumb","itemListElement":[{"@type":"ListItem","position":1,"name":"Home","item":"https:\/\/milada.com\/montreal\/fr\/"},{"@type":"ListItem","position":2,"name":"Traitements laser \u00e0 Montr\u00e9al : am\u00e9liorer texture et \u00e9clat de la peau"}]},{"@type":"WebSite","@id":"https:\/\/milada.com\/montreal\/#website","url":"https:\/\/milada.com\/montreal\/","name":"Milada Montreal","description":"Just another Milada Sites site","potentialAction":[{"@type":"SearchAction","target":{"@type":"EntryPoint","urlTemplate":"https:\/\/milada.com\/montreal\/?s={search_term_string}"},"query-input":"required name=search_term_string"}],"inLanguage":"fr-FR"},{"@type":"Person","@id":"https:\/\/milada.com\/montreal\/#\/schema\/person\/218d0d30c21033d60182d3a3e001073d","name":"milada","image":{"@type":"ImageObject","inLanguage":"fr-FR","@id":"https:\/\/milada.com\/montreal\/#\/schema\/person\/image\/","url":"https:\/\/secure.gravatar.com\/avatar\/fae7a162daca5732cfd811941d8ade3b?s=96&d=mm&r=g","contentUrl":"https:\/\/secure.gravatar.com\/avatar\/fae7a162daca5732cfd811941d8ade3b?s=96&d=mm&r=g","caption":"milada"}}]}},"_links":{"self":[{"href":"https:\/\/milada.com\/montreal\/fr\/wp-json\/wp\/v2\/posts\/4613"}],"collection":[{"href":"https:\/\/milada.com\/montreal\/fr\/wp-json\/wp\/v2\/posts"}],"about":[{"href":"https:\/\/milada.com\/montreal\/fr\/wp-json\/wp\/v2\/types\/post"}],"author":[{"embeddable":true,"href":"https:\/\/milada.com\/montreal\/fr\/wp-json\/wp\/v2\/users\/1"}],"replies":[{"embeddable":true,"href":"https:\/\/milada.com\/montreal\/fr\/wp-json\/wp\/v2\/comments?post=4613"}],"version-history":[{"count":1,"href":"https:\/\/milada.com\/montreal\/fr\/wp-json\/wp\/v2\/posts\/4613\/revisions"}],"predecessor-version":[{"id":4702,"href":"https:\/\/milada.com\/montreal\/fr\/wp-json\/wp\/v2\/posts\/4613\/revisions\/4702"}],"wp:featuredmedia":[{"embeddable":true,"href":"https:\/\/milada.com\/montreal\/fr\/wp-json\/wp\/v2\/media\/4660"}],"wp:attachment":[{"href":"https:\/\/milada.com\/montreal\/fr\/wp-json\/wp\/v2\/media?parent=4613"}],"wp:term":[{"taxonomy":"category","embeddable":true,"href":"https:\/\/milada.com\/montreal\/fr\/wp-json\/wp\/v2\/categories?post=4613"},{"taxonomy":"post_tag","embeddable":true,"href":"https:\/\/milada.com\/montreal\/fr\/wp-json\/wp\/v2\/tags?post=4613"}],"curies":[{"name":"wp","href":"https:\/\/api.w.org\/{rel}","templated":true}]}}